{"id":7906,"date":"2013-11-28T11:40:14","date_gmt":"2013-11-28T09:40:14","guid":{"rendered":"http:\/\/www.palmacentro.com\/blog\/?p=7906"},"modified":"2013-11-28T14:38:47","modified_gmt":"2013-11-28T12:38:47","slug":"nach-en-concierto-con-mejor-que-el-silencio-el-1-de-diciembre-en-palma","status":"publish","type":"post","link":"http:\/\/www.palmacentro.com\/blog\/nach-en-concierto-con-mejor-que-el-silencio-el-1-de-diciembre-en-palma\/","title":{"rendered":"Nach en concierto con Mejor que el silencio el 1 de diciembre en Palma"},"content":{"rendered":"<div><a href=\"https:\/\/i0.wp.com\/www.palmacentro.com\/blog\/wp-content\/uploads\/2013\/11\/nach-concierto-palma.jpg\"><img data-recalc-dims=\"1\" loading=\"lazy\" decoding=\"async\" data-attachment-id=\"7907\" data-permalink=\"http:\/\/www.palmacentro.com\/blog\/nach-en-concierto-con-mejor-que-el-silencio-el-1-de-diciembre-en-palma\/nach-concierto-palma\/\" data-orig-file=\"https:\/\/i0.wp.com\/www.palmacentro.com\/blog\/wp-content\/uploads\/2013\/11\/nach-concierto-palma.jpg?fit=320%2C448\" data-orig-size=\"320,448\" data-comments-opened=\"1\" data-image-meta=\"{&quot;aperture&quot;:&quot;0&quot;,&quot;credit&quot;:&quot;&quot;,&quot;camera&quot;:&quot;&quot;,&quot;caption&quot;:&quot;&quot;,&quot;created_timestamp&quot;:&quot;0&quot;,&quot;copyright&quot;:&quot;&quot;,&quot;focal_length&quot;:&quot;0&quot;,&quot;iso&quot;:&quot;0&quot;,&quot;shutter_speed&quot;:&quot;0&quot;,&quot;title&quot;:&quot;&quot;}\" data-image-title=\"nach concierto palma\" data-image-description=\"\" data-image-caption=\"\" data-large-file=\"https:\/\/i0.wp.com\/www.palmacentro.com\/blog\/wp-content\/uploads\/2013\/11\/nach-concierto-palma.jpg?fit=320%2C448\" class=\"aligncenter size-full wp-image-7907\" alt=\"nach concierto palma\" src=\"https:\/\/i0.wp.com\/www.palmacentro.com\/blog\/wp-content\/uploads\/2013\/11\/nach-concierto-palma.jpg?resize=320%2C448\" width=\"320\" height=\"448\" srcset=\"https:\/\/i0.wp.com\/www.palmacentro.com\/blog\/wp-content\/uploads\/2013\/11\/nach-concierto-palma.jpg?w=320 320w, https:\/\/i0.wp.com\/www.palmacentro.com\/blog\/wp-content\/uploads\/2013\/11\/nach-concierto-palma.jpg?resize=214%2C300 214w\" sizes=\"auto, (max-width: 320px) 100vw, 320px\" \/><\/a><\/div>\n<p>El pr\u00f3ximo d\u00eda <strong>1 de diciembre, concierto de NACH<\/strong> en la sala 1 de <strong>Es Gremi <\/strong>a partir de las 18h.<\/p>\n<p>El acceso es par todos los p\u00fablicos, para menores de 16 deben ir acompa\u00f1ados de los padres o tutor legal. El cierre ser\u00e1 a las 22h.<\/p>\n<p>Entrada anticipada 13\u20acgastos gesti\u00f3n, en taquilla 16\u20ac.<\/p>\n<p>Tambi\u00e9n podr\u00e9is entrar en la Sala 2 gratis de 16h a 18h\u00a0\u00a0 con la actuaci\u00f3n de Don Manolo pinchadiscos (la puta opepe ) + itchi &amp; buco sound<\/p>\n<p><!--more--><\/p>\n<p>&nbsp;<\/p>\n<p>Puntos de venta:<\/p>\n<p>WWW.ESGREMI.COM,DISCOS OH, BABA DISCOS INCA Y MANACOR, ROCKHOUSE MANACOR Y PALMA,<\/p>\n<p>ES GREMI CAF\u00c9 CLUB, UIB (cafeter\u00eda Ramon Llull)<\/p>\n<p>&nbsp;<\/p>\n<p>V\u00eda\/<a href=\"http:\/\/esgremi.com\/noticias\/2013-09-26\/nach-en-concierto\/\">Es Gremi<\/a><\/p>\n","protected":false},"excerpt":{"rendered":"<p>El pr\u00f3ximo d\u00eda 1 de diciembre, concierto de NACH en la sala 1 de Es Gremi a partir de las[&#8230;]<\/p>\n","protected":false},"author":2,"featured_media":0,"comment_status":"open","ping_status":"closed","sticky":false,"template":"","format":"standard","meta":{"_jetpack_memberships_contains_paid_content":false,"footnotes":""},"categories":[1],"tags":[51,1455,2238,5433,5432,5431,5601],"class_list":["post-7906","post","type-post","status-publish","format-standard","hentry","category-eventos-noticias","tag-concierto","tag-entrada","tag-es-gremi","tag-la-puta-opepe","tag-mejor-que-el-silencio","tag-nach","tag-palma"],"jetpack_featured_media_url":"","jetpack_sharing_enabled":true,"jetpack_shortlink":"https:\/\/wp.me\/p1SDLj-23w","jetpack-related-posts":[{"id":8391,"url":"http:\/\/www.palmacentro.com\/blog\/concierto-de-la-puta-opepe-el-22-de-febrero-en-es-gremi\/","url_meta":{"origin":7906,"position":0},"title":"Concierto de La Puta Opep\u00e9 el 22 de febrero en Es Gremi","author":"Ver\u00f3nica","date":"07\/02\/2014","format":false,"excerpt":"La Puta Opep\u00e9, una banda muy influyente, presentar\u00e1 en Es Gremi el d\u00eda 22 de febrero a las 20:30h, su \u00faltima aventura \"REGRESO AL FUTURO\". Artista invitado- Sound Drivers, precio de la entrada 12\u20ac + 1'2\u20ac de gastos degesti\u00f3n.","rel":"","context":"En \u00abEventos y Noticias\u00bb","block_context":{"text":"Eventos y Noticias","link":"http:\/\/www.palmacentro.com\/blog\/category\/eventos-noticias\/"},"img":{"alt_text":"la puta opeppe","src":"https:\/\/i0.wp.com\/www.palmacentro.com\/blog\/wp-content\/uploads\/2014\/02\/la-puta-opeppe.jpg?resize=350%2C200","width":350,"height":200},"classes":[]},{"id":7903,"url":"http:\/\/www.palmacentro.com\/blog\/boc-en-concierto-el-30-de-noviembre-en-es-gremi\/","url_meta":{"origin":7906,"position":1},"title":"Boc en concierto el 30 de noviembre en Es Gremi","author":"Ver\u00f3nica","date":"27\/11\/2013","format":false,"excerpt":"El d\u00eda 30 de noviembre el grupo musical BOC dar\u00e1 un concierto en Es Gremi a las 21:30h Tambi\u00e9n se har\u00e1n la entraga de premios a la \"Recerca d'art\u00edstes gr\u00e0fics i literaris\". Precio de la entrada Anticipada: 6.00\u20ac + gastos Taquilla: 10.00\u20ac \u00a0 Puntos de venta: Baba Inca \u00b7 Baba\u2026","rel":"","context":"En \u00abEventos y Noticias\u00bb","block_context":{"text":"Eventos y Noticias","link":"http:\/\/www.palmacentro.com\/blog\/category\/eventos-noticias\/"},"img":{"alt_text":"boc concert","src":"https:\/\/i0.wp.com\/www.palmacentro.com\/blog\/wp-content\/uploads\/2013\/11\/boc-concert-214x300.jpg?resize=350%2C200","width":350,"height":200},"classes":[]},{"id":7665,"url":"http:\/\/www.palmacentro.com\/blog\/sharif-en-es-gremi-el-13-de-septiembre\/","url_meta":{"origin":7906,"position":2},"title":"Sharif en Es Gremi el 13 de septiembre","author":"Ver\u00f3nica","date":"04\/09\/2013","format":false,"excerpt":"Sharif presenta\u00a0 \"sobre los m\u00e1rgenes\" el d\u00eda 13 de septiembre a las 21h en Es Gremi. El Mc zaragozano visita por segunda vez Mallorca, con el conocido productor Lex Luthor y la inconfundible voz de Alba. Para esta ocasi\u00f3n contaremos con el grupo local Modo VS BANDA que nos adelantar\u00e1n\u2026","rel":"","context":"En \u00abEventos y Noticias\u00bb","block_context":{"text":"Eventos y Noticias","link":"http:\/\/www.palmacentro.com\/blog\/category\/eventos-noticias\/"},"img":{"alt_text":"sharif","src":"https:\/\/i0.wp.com\/www.palmacentro.com\/blog\/wp-content\/uploads\/2013\/09\/sharif.jpg?resize=350%2C200","width":350,"height":200},"classes":[]},{"id":6520,"url":"http:\/\/www.palmacentro.com\/blog\/carnaval-en-es-gremi-el-9-de-febrero\/","url_meta":{"origin":7906,"position":3},"title":"Carnaval en Es Gremi el 9 de febrero","author":"Ver\u00f3nica","date":"06\/02\/2013","format":false,"excerpt":"Si aun no sabes donde pasar el Carnaval el s\u00e1bado 9 de febrero a partir de las 23:30h\u00a0 y hasta las 6h podr\u00e1s disfrutarlo en Es Gremi. En la Sala 1, Hattori Hanzo surf experience, DJ MAADRAASSOO (razzmatazz) y Zonter (by Voltage) os har\u00e1n bailar con el mejor rock, pop\u2026","rel":"","context":"En \u00abEventos y Noticias\u00bb","block_context":{"text":"Eventos y Noticias","link":"http:\/\/www.palmacentro.com\/blog\/category\/eventos-noticias\/"},"img":{"alt_text":"the garage es gremi","src":"https:\/\/i0.wp.com\/www.palmacentro.com\/blog\/wp-content\/uploads\/2013\/02\/the-garage-es-gremi.jpg?resize=350%2C200","width":350,"height":200},"classes":[]},{"id":6069,"url":"http:\/\/www.palmacentro.com\/blog\/rosendo-en-concierto-en-es-gremi\/","url_meta":{"origin":7906,"position":4},"title":"Rosendo en concierto en Es Gremi","author":"Ver\u00f3nica","date":"19\/12\/2012","format":false,"excerpt":"El madrile\u00f1o Rosendo, actuar\u00e1 el d\u00eda 22 de diciembre\u00a0 a las 22h en la sala Es Gremi de Palma. Rosendo y sus habituales compa\u00f1eros de\u00a0 viaje y grabaci\u00f3n, se reinventan una vez m\u00e1s as\u00ed mismos y consiguen emocionarnos con una colecci\u00f3n de canciones, con las mejores letras y el sonido\u2026","rel":"","context":"En \u00abEventos y Noticias\u00bb","block_context":{"text":"Eventos y Noticias","link":"http:\/\/www.palmacentro.com\/blog\/category\/eventos-noticias\/"},"img":{"alt_text":"","src":"https:\/\/i0.wp.com\/www.palmacentro.com\/blog\/wp-content\/uploads\/2012\/12\/rosendo-es-gremi.jpg?resize=350%2C200","width":350,"height":200},"classes":[]},{"id":4066,"url":"http:\/\/www.palmacentro.com\/blog\/morodo-en-concierto-en-es-gremi-de-palma\/","url_meta":{"origin":7906,"position":5},"title":"Morodo en concierto en Es Gremi de Palma","author":"Ver\u00f3nica","date":"24\/07\/2012","format":false,"excerpt":"S\u00e1bado 28 de julio, concierto en la Sala Es Gremi el cantante Morodo con Mad Sensi Band. Morodo con su estilo singular de ragga con influencias de hip hop y de reggae dar\u00e1 su concierto en Es Gremi a las 23:30h, adem\u00e1s como artista invitado estar\u00e1 el Se\u00f1or R. Entrada\u2026","rel":"","context":"En \u00abEventos y Noticias\u00bb","block_context":{"text":"Eventos y Noticias","link":"http:\/\/www.palmacentro.com\/blog\/category\/eventos-noticias\/"},"img":{"alt_text":"","src":"https:\/\/i0.wp.com\/www.palmacentro.com\/blog\/wp-content\/uploads\/2012\/07\/morodo_web.jpg?resize=350%2C200","width":350,"height":200},"classes":[]}],"_links":{"self":[{"href":"http:\/\/www.palmacentro.com\/blog\/wp-json\/wp\/v2\/posts\/7906","targetHints":{"allow":["GET"]}}],"collection":[{"href":"http:\/\/www.palmacentro.com\/blog\/wp-json\/wp\/v2\/posts"}],"about":[{"href":"http:\/\/www.palmacentro.com\/blog\/wp-json\/wp\/v2\/types\/post"}],"author":[{"embeddable":true,"href":"http:\/\/www.palmacentro.com\/blog\/wp-json\/wp\/v2\/users\/2"}],"replies":[{"embeddable":true,"href":"http:\/\/www.palmacentro.com\/blog\/wp-json\/wp\/v2\/comments?post=7906"}],"version-history":[{"count":2,"href":"http:\/\/www.palmacentro.com\/blog\/wp-json\/wp\/v2\/posts\/7906\/revisions"}],"predecessor-version":[{"id":7913,"href":"http:\/\/www.palmacentro.com\/blog\/wp-json\/wp\/v2\/posts\/7906\/revisions\/7913"}],"wp:attachment":[{"href":"http:\/\/www.palmacentro.com\/blog\/wp-json\/wp\/v2\/media?parent=7906"}],"wp:term":[{"taxonomy":"category","embeddable":true,"href":"http:\/\/www.palmacentro.com\/blog\/wp-json\/wp\/v2\/categories?post=7906"},{"taxonomy":"post_tag","embeddable":true,"href":"http:\/\/www.palmacentro.com\/blog\/wp-json\/wp\/v2\/tags?post=7906"}],"curies":[{"name":"wp","href":"https:\/\/api.w.org\/{rel}","templated":true}]}}