{"id":8469,"date":"2014-03-21T22:23:30","date_gmt":"2014-03-21T20:23:30","guid":{"rendered":"http:\/\/www.palmacentro.com\/blog\/?p=8469"},"modified":"2014-03-21T22:23:30","modified_gmt":"2014-03-21T20:23:30","slug":"xxii-feria-de-son-ferriol-del-28-al-30-de-marzo","status":"publish","type":"post","link":"http:\/\/www.palmacentro.com\/blog\/xxii-feria-de-son-ferriol-del-28-al-30-de-marzo\/","title":{"rendered":"XXII Feria de Son Ferriol del 28 al 30 de marzo"},"content":{"rendered":"\n<!-- Speed Sense for AdSense WordPress Plugin: https:\/\/wordpress.org\/plugins\/speed-sense\/ -->\n<div id=\"ssp0\" style=\"float:none;margin:10px 0 10px 0;text-align:center;max-width:728px;width:100%;\">\n<ins class=\"adsbygoogle\" id=\"adsgoogle0\" style=\"display: inline-block; width: 100%; height: 90px\"  data-ad-client=\"ca-pub-8118652243852059\" data-ad-slot=\"7814439714\"><\/ins><script>(adsbygoogle = window.adsbygoogle || []).push({});<\/script>\n<\/div>\n<p><a href=\"https:\/\/i0.wp.com\/www.palmacentro.com\/blog\/wp-content\/uploads\/2014\/03\/fira-son-ferriol14.jpg\"><img data-recalc-dims=\"1\" loading=\"lazy\" decoding=\"async\" data-attachment-id=\"8470\" data-permalink=\"http:\/\/www.palmacentro.com\/blog\/xxii-feria-de-son-ferriol-del-28-al-30-de-marzo\/fira-son-ferriol14\/\" data-orig-file=\"https:\/\/i0.wp.com\/www.palmacentro.com\/blog\/wp-content\/uploads\/2014\/03\/fira-son-ferriol14.jpg?fit=561%2C768\" data-orig-size=\"561,768\" data-comments-opened=\"1\" data-image-meta=\"{&quot;aperture&quot;:&quot;0&quot;,&quot;credit&quot;:&quot;&quot;,&quot;camera&quot;:&quot;&quot;,&quot;caption&quot;:&quot;&quot;,&quot;created_timestamp&quot;:&quot;0&quot;,&quot;copyright&quot;:&quot;&quot;,&quot;focal_length&quot;:&quot;0&quot;,&quot;iso&quot;:&quot;0&quot;,&quot;shutter_speed&quot;:&quot;0&quot;,&quot;title&quot;:&quot;&quot;}\" data-image-title=\"fira-son ferriol14\" data-image-description=\"\" data-image-caption=\"\" data-large-file=\"https:\/\/i0.wp.com\/www.palmacentro.com\/blog\/wp-content\/uploads\/2014\/03\/fira-son-ferriol14.jpg?fit=561%2C768\" class=\"aligncenter size-medium wp-image-8470\" alt=\"fira-son ferriol14\" src=\"https:\/\/i0.wp.com\/www.palmacentro.com\/blog\/wp-content\/uploads\/2014\/03\/fira-son-ferriol14.jpg?resize=219%2C300\" width=\"219\" height=\"300\" srcset=\"https:\/\/i0.wp.com\/www.palmacentro.com\/blog\/wp-content\/uploads\/2014\/03\/fira-son-ferriol14.jpg?resize=219%2C300 219w, https:\/\/i0.wp.com\/www.palmacentro.com\/blog\/wp-content\/uploads\/2014\/03\/fira-son-ferriol14.jpg?resize=73%2C100 73w, https:\/\/i0.wp.com\/www.palmacentro.com\/blog\/wp-content\/uploads\/2014\/03\/fira-son-ferriol14.jpg?w=561 561w\" sizes=\"auto, (max-width: 219px) 100vw, 219px\" \/><\/a><\/p>\n<p>Del <strong>28 al 30 de marzo<\/strong> se celebra la XXII <strong>Feria de Son Ferriol<\/strong> (Palma).<br \/>\nUna feria de tipo agr\u00edcola, ganadera y comercial, donde encontrareis conciertos ac\u00fasticos, animaci\u00f3n infantil, exhibiciones deportivas, shows, exposiciones, doma de caballos y fuegos artificiales!<br \/>\nAqu\u00ed os dejo el\u00a0<a href=\"http:\/\/www.palmacentro.com\/blog\/wp-content\/uploads\/2014\/03\/Programa-Fira-2014.pdf\">Programa<\/a> completo.<\/p>\n<p>V\u00eda\/<a href=\"http:\/\/www.sonferriol.es\/programa-xxii-fira-de-son-ferriol-2014\/\">sonferriol<\/a><\/p>\n<p>&nbsp;<\/p>\n<p>&nbsp;<\/p>\n","protected":false},"excerpt":{"rendered":"<p>Del 28 al 30 de marzo se celebra la XXII Feria de Son Ferriol (Palma). Una feria de tipo agr\u00edcola,[&#8230;]<\/p>\n","protected":false},"author":2,"featured_media":0,"comment_status":"open","ping_status":"closed","sticky":false,"template":"","format":"standard","meta":{"_jetpack_memberships_contains_paid_content":false,"footnotes":""},"categories":[1],"tags":[534,362,5601,3377],"class_list":["post-8469","post","type-post","status-publish","format-standard","hentry","category-eventos-noticias","tag-feria","tag-marzo","tag-palma","tag-son-ferriol"],"jetpack_featured_media_url":"","jetpack_sharing_enabled":true,"jetpack_shortlink":"https:\/\/wp.me\/p1SDLj-2cB","jetpack-related-posts":[{"id":6851,"url":"http:\/\/www.palmacentro.com\/blog\/xxi-fira-de-son-ferriol-el-16-y-17-de-marzo\/","url_meta":{"origin":8469,"position":0},"title":"XXI Fira de Son Ferriol el 16 y 17 de marzo","author":"Ver\u00f3nica","date":"15\/03\/2013","format":false,"excerpt":"Los d\u00edas 16 y 17 de marzo podr\u00e9is disfrutar del fin de semana con las actividades que nos propone la XXI Feria de Son Ferriol. Una feria agr\u00edcola, ganadera y comercial. Se espera una presencia de 400 vendedores, distribuidos a lo largo de 3.500 metros lineales de exposici\u00f3n y se\u2026","rel":"","context":"En \u00abEventos y Noticias\u00bb","block_context":{"text":"Eventos y Noticias","link":"http:\/\/www.palmacentro.com\/blog\/category\/eventos-noticias\/"},"img":{"alt_text":"fira son ferriol","src":"https:\/\/i0.wp.com\/www.palmacentro.com\/blog\/wp-content\/uploads\/2013\/03\/fira-son-ferriol-206x300.jpg?resize=350%2C200","width":350,"height":200},"classes":[]},{"id":392,"url":"http:\/\/www.palmacentro.com\/blog\/mercados-y-mercadillos\/","url_meta":{"origin":8469,"position":1},"title":"Mercados y Mercadillos","author":"Ver\u00f3nica","date":"19\/11\/2011","format":false,"excerpt":"Aqu\u00ed os dejo un recopilatorio de los diversos mercados y mercadillos ya sean permanentes, temporales o festivos. \u00a0 MERCADO MUNICIPAL DEL OLIVAR Mercado permanente. Venden todo tipo de productos. Plaza de L'Olivar, s\/n 07002 Palma. Horario: Lunes a s\u00e1bados de 7 a 14.30 h. MERCADO MUNICIPAL DE LLEVANT Mercado permanente.\u2026","rel":"","context":"En \u00abEventos y Noticias\u00bb","block_context":{"text":"Eventos y Noticias","link":"http:\/\/www.palmacentro.com\/blog\/category\/eventos-noticias\/"},"img":{"alt_text":"","src":"https:\/\/i0.wp.com\/www.palmacentro.com\/blog\/wp-content\/uploads\/2011\/11\/can-pastilla.jpg?resize=350%2C200","width":350,"height":200},"classes":[]},{"id":6829,"url":"http:\/\/www.palmacentro.com\/blog\/fira-destocs-del-20-al-23-de-marzo-en-toda-palma\/","url_meta":{"origin":8469,"position":2},"title":"Fira d&#8217;estocs del 20 al 23 de marzo en toda Palma","author":"Ver\u00f3nica","date":"13\/03\/2013","format":false,"excerpt":"Durante los d\u00edas 20, 21, 22 y 23 de marzo se celebra en toda Palma una nueva edici\u00f3n de la Feria de Stocks. Estos d\u00edas, todos los peque\u00f1os comerciantes de la capital podr\u00e1n exponer sus productos de forma gratuita en la v\u00eda p\u00fablica.\u00a0 Siempre en\u00a0 horario comercial y ocupando el\u2026","rel":"","context":"En \u00abEventos y Noticias\u00bb","block_context":{"text":"Eventos y Noticias","link":"http:\/\/www.palmacentro.com\/blog\/category\/eventos-noticias\/"},"img":{"alt_text":"fira estocks","src":"https:\/\/i0.wp.com\/www.palmacentro.com\/blog\/wp-content\/uploads\/2013\/03\/fira-destocks-212x300.jpg?resize=350%2C200","width":350,"height":200},"classes":[]},{"id":1807,"url":"http:\/\/www.palmacentro.com\/blog\/feria-de-stocks-con-la-colaboracion-de-palmaactiva\/","url_meta":{"origin":8469,"position":3},"title":"Feria de stocks con la colaboraci\u00f3n de PalmaActiva","author":"Ver\u00f3nica","date":"14\/03\/2012","format":false,"excerpt":"Esperan\u00e7a Cresp\u00ed ha presentado en la Pla\u00e7a Major la nueva edici\u00f3n de la Feria de stocks, que se llevar\u00e1 a cabo los d\u00edas 15, 16 y 17 de marzo. PalmaActiva colabora con esta iniciativa para dar soporte al peque\u00f1o y mediano comercio de Palma. Cresp\u00ed ha declarado que este a\u00f1o\u2026","rel":"","context":"En \u00abEventos y Noticias\u00bb","block_context":{"text":"Eventos y Noticias","link":"http:\/\/www.palmacentro.com\/blog\/category\/eventos-noticias\/"},"img":{"alt_text":"","src":"https:\/\/i0.wp.com\/www.palmacentro.com\/blog\/wp-content\/uploads\/2012\/03\/Presentaci%C3%B3-Fira-dEstocs-300x225.jpg?resize=350%2C200","width":350,"height":200},"classes":[]},{"id":4429,"url":"http:\/\/www.palmacentro.com\/blog\/incendio-en-un-almacen-de-derribos-de-la-carretera-manacor\/","url_meta":{"origin":8469,"position":4},"title":"Incendio en un almac\u00e9n de derribos de la carretera Manacor","author":"Ver\u00f3nica","date":"17\/08\/2012","format":false,"excerpt":"En el almac\u00e9n de la empresa, Derribos Delta S.L. , situada en\u00a0 la rotonda de Son Ferriol, se origin\u00f3 un incendio en torno a las cuatro de la tarde de ayer, al parecer por una imprudencia. La empresa tiene all\u00ed almacenados distintos materiales de edificios y sobre todo, vigas de\u2026","rel":"","context":"En \u00abEventos y Noticias\u00bb","block_context":{"text":"Eventos y Noticias","link":"http:\/\/www.palmacentro.com\/blog\/category\/eventos-noticias\/"},"img":{"alt_text":"","src":"https:\/\/i0.wp.com\/www.palmacentro.com\/blog\/wp-content\/uploads\/2012\/08\/incendio.jpg?resize=350%2C200","width":350,"height":200},"classes":[]},{"id":8599,"url":"http:\/\/www.palmacentro.com\/blog\/palma-stock-del-18-al-21-de-septiembre-en-son-fusteret\/","url_meta":{"origin":8469,"position":5},"title":"Palma Stock del 18 al 21 de Septiembre en Son Fusteret","author":"Ver\u00f3nica","date":"17\/09\/2014","format":false,"excerpt":"Del d\u00eda 18 al 21 de septiembre se celebrar\u00e1 en el recinto de Son Fusteret de Palma\u00a0 la tercera edici\u00f3n de Palma Stock. Palma Stock es una feria de oportunidades para la exposici\u00f3n y venta de productos de profesionales para el cliente final como calzado, cosm\u00e9tica, textil ... ofreciendo productos\u2026","rel":"","context":"En \u00abEventos y Noticias\u00bb","block_context":{"text":"Eventos y Noticias","link":"http:\/\/www.palmacentro.com\/blog\/category\/eventos-noticias\/"},"img":{"alt_text":"","src":"https:\/\/i0.wp.com\/www.palmacentro.com\/blog\/wp-content\/uploads\/2014\/09\/Palma-Stock-14.jpg?resize=350%2C200","width":350,"height":200,"srcset":"https:\/\/i0.wp.com\/www.palmacentro.com\/blog\/wp-content\/uploads\/2014\/09\/Palma-Stock-14.jpg?resize=350%2C200 1x, https:\/\/i0.wp.com\/www.palmacentro.com\/blog\/wp-content\/uploads\/2014\/09\/Palma-Stock-14.jpg?resize=525%2C300 1.5x"},"classes":[]}],"_links":{"self":[{"href":"http:\/\/www.palmacentro.com\/blog\/wp-json\/wp\/v2\/posts\/8469","targetHints":{"allow":["GET"]}}],"collection":[{"href":"http:\/\/www.palmacentro.com\/blog\/wp-json\/wp\/v2\/posts"}],"about":[{"href":"http:\/\/www.palmacentro.com\/blog\/wp-json\/wp\/v2\/types\/post"}],"author":[{"embeddable":true,"href":"http:\/\/www.palmacentro.com\/blog\/wp-json\/wp\/v2\/users\/2"}],"replies":[{"embeddable":true,"href":"http:\/\/www.palmacentro.com\/blog\/wp-json\/wp\/v2\/comments?post=8469"}],"version-history":[{"count":1,"href":"http:\/\/www.palmacentro.com\/blog\/wp-json\/wp\/v2\/posts\/8469\/revisions"}],"predecessor-version":[{"id":8472,"href":"http:\/\/www.palmacentro.com\/blog\/wp-json\/wp\/v2\/posts\/8469\/revisions\/8472"}],"wp:attachment":[{"href":"http:\/\/www.palmacentro.com\/blog\/wp-json\/wp\/v2\/media?parent=8469"}],"wp:term":[{"taxonomy":"category","embeddable":true,"href":"http:\/\/www.palmacentro.com\/blog\/wp-json\/wp\/v2\/categories?post=8469"},{"taxonomy":"post_tag","embeddable":true,"href":"http:\/\/www.palmacentro.com\/blog\/wp-json\/wp\/v2\/tags?post=8469"}],"curies":[{"name":"wp","href":"https:\/\/api.w.org\/{rel}","templated":true}]}}